{"id":1233,"date":"2016-08-04T10:16:59","date_gmt":"2016-08-04T10:16:59","guid":{"rendered":"http:\/\/goodspace.villa-merkel.de\/?p=1233"},"modified":"2016-08-04T10:16:59","modified_gmt":"2016-08-04T10:16:59","slug":"artwatch-forschungsspaziergang-4-8-2016-18-30-uhr","status":"publish","type":"post","link":"https:\/\/goodspace.villa-merkel.de\/?p=1233","title":{"rendered":"ARTWATCH: Forschungsspaziergang, 4.8.2016, 18.30 Uhr"},"content":{"rendered":"<p align=\"left\"><img loading=\"lazy\" class=\"alignnone wp-image-1234 size-full\" src=\"http:\/\/goodspace.villa-merkel.de\/wp-content\/uploads\/2016\/08\/160510_GS_Facebook_Ueberblick_Vorneweg6.jpg\" width=\"852\" height=\"315\" data-id=\"1234\" srcset=\"https:\/\/goodspace.villa-merkel.de\/wp-content\/uploads\/2016\/08\/160510_GS_Facebook_Ueberblick_Vorneweg6.jpg 852w, https:\/\/goodspace.villa-merkel.de\/wp-content\/uploads\/2016\/08\/160510_GS_Facebook_Ueberblick_Vorneweg6-300x111.jpg 300w, https:\/\/goodspace.villa-merkel.de\/wp-content\/uploads\/2016\/08\/160510_GS_Facebook_Ueberblick_Vorneweg6-768x284.jpg 768w, https:\/\/goodspace.villa-merkel.de\/wp-content\/uploads\/2016\/08\/160510_GS_Facebook_Ueberblick_Vorneweg6-850x315.jpg 850w\" sizes=\"(max-width: 852px) 100vw, 852px\" \/><\/p>\n<p align=\"left\">Villa Merkel | Donnerstag, 4.August 2016 | 18:30 Uhr<\/p>\n<p><strong>ARTWATCH &#8211; Forschungsspaziergang<br \/>\nTreffpunkt Villa Merkel<\/strong><\/p>\n<p>Im Rahmen der Ausstellung <em>GOOD SPACE \u2013 politische, \u00e4sthetische und urbane R\u00e4ume<\/em> <strong><br \/>\n<\/strong> findet die Veranstaltung ARTWATCH am Donnerstag, 4. August, in Form eines Forschungsspaziergangs statt.<\/p>\n<p>Die Kunsthistorikerinnen und Museumsp\u00e4dagoginnen Petra Weber-Obrock und Effi Grimmer laden ein, die Stadt Esslingen in besonderer Weise zu erleben und zu entdecken.<\/p>\n<p>Die Galerien der Stadt Esslingen thematisieren mit <em>GOOD SPACE<\/em> unterschiedliche Aspekte \u00f6ffentlicher R\u00e4ume in der Villa Merkel, dem Bahnw\u00e4rterhaus und im Merkelpark.<br \/>\nDie Ausstellung setzt Schlaglichter auf aktuelle Fragen danach, wie angesichts beschr\u00e4nkter Ressourcen Zukunft zu gestalten sei und gesellschaftliches Leben gelingen kann. Sie leistet einen Beitrag zum \u00f6ffentlichen Diskurs in Bezug auf Stadt\u00f6kologie und die Bedeutung und Funktion \u00f6ffentlichen Raums.<\/p>\n<p>W\u00e4hrend des Forschungsspaziergangs werden Thesen, Fragestellungen und L\u00f6sungsans\u00e4tze der Ausstellung konkret in die Stadt transferiert und unter Einbeziehung der individuellen Wahrnehmung weiterentwickelt.<\/p>\n<p>An ausgew\u00e4hlten Orten werden neue Perspektiven auf den \u00f6ffentlichen Raum erschlossen, kommuniziert und brach liegende Orte als GOOD SPACES entdeckt.<\/p>\n<p align=\"left\">Wir freuen uns auf Ihr\/Euer Kommen!<\/p>\n<p align=\"left\">Artwatch ist eine Veranstaltungsreihe der Museumsp\u00e4dagogik der Stadt Esslingen am Neckar in der Villa Merkel.<\/p>\n","protected":false},"excerpt":{"rendered":"<p>Villa Merkel | Donnerstag, 4.August 2016 | 18:30 Uhr ARTWATCH &#8211; Forschungsspaziergang Treffpunkt Villa Merkel Im Rahmen der Ausstellung GOOD SPACE \u2013 politische, \u00e4sthetische und urbane R\u00e4ume findet die Veranstaltung ARTWATCH am Donnerstag, 4. August, in Form eines Forschungsspaziergangs statt. Die Kunsthistorikerinnen und Museumsp\u00e4dagoginnen Petra Weber-Obrock und Effi Grimmer laden ein, die Stadt Esslingen in [&hellip;]<\/p>\n","protected":false},"author":8,"featured_media":1234,"comment_status":"open","ping_status":"open","sticky":false,"template":"","format":"standard","meta":[],"categories":[1],"tags":[],"_links":{"self":[{"href":"https:\/\/goodspace.villa-merkel.de\/index.php?rest_route=\/wp\/v2\/posts\/1233"}],"collection":[{"href":"https:\/\/goodspace.villa-merkel.de\/index.php?rest_route=\/wp\/v2\/posts"}],"about":[{"href":"https:\/\/goodspace.villa-merkel.de\/index.php?rest_route=\/wp\/v2\/types\/post"}],"author":[{"embeddable":true,"href":"https:\/\/goodspace.villa-merkel.de\/index.php?rest_route=\/wp\/v2\/users\/8"}],"replies":[{"embeddable":true,"href":"https:\/\/goodspace.villa-merkel.de\/index.php?rest_route=%2Fwp%2Fv2%2Fcomments&post=1233"}],"version-history":[{"count":3,"href":"https:\/\/goodspace.villa-merkel.de\/index.php?rest_route=\/wp\/v2\/posts\/1233\/revisions"}],"predecessor-version":[{"id":1237,"href":"https:\/\/goodspace.villa-merkel.de\/index.php?rest_route=\/wp\/v2\/posts\/1233\/revisions\/1237"}],"wp:featuredmedia":[{"embeddable":true,"href":"https:\/\/goodspace.villa-merkel.de\/index.php?rest_route=\/wp\/v2\/media\/1234"}],"wp:attachment":[{"href":"https:\/\/goodspace.villa-merkel.de\/index.php?rest_route=%2Fwp%2Fv2%2Fmedia&parent=1233"}],"wp:term":[{"taxonomy":"category","embeddable":true,"href":"https:\/\/goodspace.villa-merkel.de\/index.php?rest_route=%2Fwp%2Fv2%2Fcategories&post=1233"},{"taxonomy":"post_tag","embeddable":true,"href":"https:\/\/goodspace.villa-merkel.de\/index.php?rest_route=%2Fwp%2Fv2%2Ftags&post=1233"}],"curies":[{"name":"wp","href":"https:\/\/api.w.org\/{rel}","templated":true}]}}